{"id":1737,"date":"2024-08-21T17:31:00","date_gmt":"2024-08-21T15:31:00","guid":{"rendered":"https:\/\/activecarbon.es\/?post_type=blog&#038;p=1737"},"modified":"2024-09-26T07:12:32","modified_gmt":"2024-09-26T05:12:32","slug":"proveedor-de-carbon-activado-en-mexico","status":"publish","type":"blog","link":"https:\/\/activecarbon.es\/tr\/blog\/proveedor-de-carbon-activado-en-mexico\/","title":{"rendered":"Meksika'da Aktif K\u00f6m\u00fcr Tedarik\u00e7isi"},"content":{"rendered":"<p>PuroCarbon S.L., Meksika'n\u0131n \u00f6nde gelen aktif karbon tedarik\u00e7ilerinden biri olarak, aktif karbon pazar\u0131nda 18 y\u0131l\u0131 a\u015fk\u0131n deneyime sahiptir. \u015eirketimiz, \u00e7e\u015fitli end\u00fcstriyel uygulamalar i\u00e7in geni\u015f bir yelpazede y\u00fcksek kaliteli \u00fcr\u00fcnler sunarak aktif karbonun geli\u015ftirilmesi, \u00fcretimi, pazarlanmas\u0131 ve servisi konusunda uzmanla\u015fm\u0131\u015ft\u0131r.<\/p>\n\n\n\n<p>Meksika'n\u0131n \u00f6nde gelen aktif karbon tedarik\u00e7ilerinden biri olarak, m\u00fc\u015fterilerimizin \u00f6zel ihtiya\u00e7lar\u0131na yenilik\u00e7i ve verimli \u00e7\u00f6z\u00fcmler sunmaktan gurur duyuyoruz. \u00dcr\u00fcnlerimiz, hindistan cevizi kabu\u011fu, bit\u00fcml\u00fc k\u00f6m\u00fcr, antrasit ve odun gibi \u00e7e\u015fitli hammaddeler kullan\u0131larak \u00fcretilmekte ve gran\u00fcl, toz ve pelet formlar\u0131nda aktif karbon sa\u011flamam\u0131za olanak tan\u0131maktad\u0131r.<\/p>\n\n\n\n<p>PuroCarbon S.L.'nin aktif karbonu, Meksika'da su ar\u0131tma, hava temizleme, solvent geri kazan\u0131m\u0131 ve g\u0131da ve i\u00e7ecek end\u00fcstrileri de dahil olmak \u00fczere \u00e7ok \u00e7e\u015fitli end\u00fcstrilerde uygulama alan\u0131 bulmaktad\u0131r. Kaliteye ve m\u00fc\u015fteri memnuniyetine olan ba\u011fl\u0131l\u0131\u011f\u0131m\u0131z, Meksika end\u00fcstrisinde ve \u00f6tesinde sa\u011flam bir itibar olu\u015fturmam\u0131z\u0131 sa\u011flad\u0131.<\/p>\n\n\n\n<h2 class=\"wp-block-heading\">Aktif Karbon \u00dcr\u00fcnlerimiz<\/h2>\n\n\n\n<p>PuroCarbon S.L. olarak, Meksika'daki m\u00fc\u015fterilerimizin \u00e7e\u015fitli ihtiya\u00e7lar\u0131n\u0131 kar\u015f\u0131lamak i\u00e7in \u00e7ok \u00e7e\u015fitli aktif karbon \u00fcr\u00fcnleri sunuyoruz. A\u015fa\u011f\u0131da, ana aktif karbon t\u00fcrlerimizi sunuyoruz:<\/p>\n\n\n\n<div class=\"wp-block-stackable-feature stk-block-feature stk-block stk-457ff3b is-style-default\" data-v=\"2\" data-block-id=\"457ff3b\"><style>.stk-457ff3b-container{box-shadow:0px 2px 20px #99999933 !important;padding-top:16px !important;padding-right:10px !important;padding-bottom:16px !important;padding-left:10px !important}.stk-457ff3b-column{--stk-columns-spacing:20px !important}<\/style><div class=\"stk-content-align stk-457ff3b-column stk-container stk-457ff3b-container stk-hover-parent\"><div class=\"stk-inner-blocks stk-block-content stk-row\">\n<div class=\"wp-block-stackable-column stk-block-column stk-column stk-block stk-c601361\" data-v=\"4\" data-block-id=\"c601361\"><style>.stk-c601361{align-self:center !important}@media screen and (min-width:768px){.stk-c601361{flex:var(--stk-flex-grow,1) 1 calc(45% - var(--stk-column-gap,0px) * 1 \/ 2 ) !important}}<\/style><div class=\"stk-column-wrapper stk-block-column__content stk-container stk-c601361-container stk--no-background stk--no-padding\"><div class=\"stk-block-content stk-inner-blocks stk-c601361-inner-blocks\">\n<div class=\"wp-block-stackable-image stk-block-image stk-block stk-d8547fc\" data-block-id=\"d8547fc\"><style>.stk-d8547fc{min-height:34px !important}<\/style><figure><span class=\"stk-img-wrapper stk-image--shape-stretch\"><img loading=\"lazy\" decoding=\"async\" class=\"stk-img wp-image-1699\" src=\"https:\/\/activecarbon.es\/wp-content\/uploads\/2024\/09\/Carbon-Activado-Granular-2.jpg\" width=\"450\" height=\"300\" alt=\"aktif karbon peletleri \" srcset=\"https:\/\/activecarbon.es\/wp-content\/uploads\/2024\/09\/Carbon-Activado-Granular-2.jpg 450w, https:\/\/activecarbon.es\/wp-content\/uploads\/2024\/09\/Carbon-Activado-Granular-2-300x200.jpg 300w\" sizes=\"auto, (max-width: 450px) 100vw, 450px\" \/><\/span><\/figure><\/div>\n<\/div><\/div><\/div>\n\n\n\n<div class=\"wp-block-stackable-column stk-block-column stk-column stk-block stk-bd1ba2c\" data-v=\"4\" data-block-id=\"bd1ba2c\"><style>.stk-bd1ba2c{align-self:center !important}.stk-bd1ba2c-inner-blocks{justify-content:center !important}.stk-bd1ba2c-container{display:flex !important}@media screen and (min-width:768px){.stk-bd1ba2c{flex:var(--stk-flex-grow,1) 1 calc(55% - var(--stk-column-gap,0px) * 1 \/ 2 ) !important}}<\/style><div class=\"stk-column-wrapper stk-block-column__content stk-container stk-bd1ba2c-container stk--no-background stk--no-padding\"><div class=\"stk-block-content stk-inner-blocks stk-bd1ba2c-inner-blocks\">\n<div class=\"wp-block-stackable-heading stk-block-heading stk-block-heading--v2 stk-block stk-d1291c9\" id=\"a-href-https-activecarbon-es-proveedor-de-carbon-activado-granular-target-blank-rel-noreferrer-noopener-span-style-color-07-a-3-e-3-class-stk-highlight-carbon-activado-granular-span-a\" data-block-id=\"d1291c9\"><style>.stk-d1291c9{margin-bottom:15px !important}.stk-d1291c9 .stk-block-heading__text{font-weight:bold !important;font-family:\"Lato\",Sans-serif !important}<\/style><h3 class=\"stk-block-heading__text\"><a href=\"https:\/\/activecarbon.es\/tr\/proveedor-de-carbon-activado-granular\/\" target=\"_blank\" rel=\"noreferrer noopener\"><span style=\"color: #07a3e3;\" class=\"stk-highlight\">Gran\u00fcl Aktif Karbon<\/span><\/a><\/h3><\/div>\n\n\n\n<div class=\"wp-block-stackable-text stk-block-text stk-block stk-37de7f4\" data-block-id=\"37de7f4\"><style>.stk-37de7f4{margin-bottom:20px !important}.stk-37de7f4 .stk-block-text__text{font-size:16px !important;background-image:linear-gradient(currentColor 0%,currentColor 100%) !important}@media screen and (max-width:1023px){.stk-37de7f4 .stk-block-text__text{font-size:16px !important}}<\/style><p class=\"stk-block-text__text stk--is-gradient\">Organik kirleticileri ve gaz halindeki safs\u0131zl\u0131klar\u0131 sudan etkili bir \u015fekilde uzakla\u015ft\u0131rabilen y\u00fcksek adsorpsiyon kapasitesine ve geli\u015fmi\u015f g\u00f6zenek yap\u0131s\u0131na sahiptir. A\u015fa\u011f\u0131daki alanlarda kullan\u0131l\u0131r <strong>su ar\u0131tma<\/strong>ve <strong>hava temizleme<\/strong> ve <strong>\u00e7\u00f6z\u00fcc\u00fc geri kazan\u0131m\u0131<\/strong>.<\/p><\/div>\n\n\n\n<div class=\"wp-block-stackable-button-group stk-block-button-group stk-block stk-159daed\" data-block-id=\"159daed\"><div class=\"stk-row stk-inner-blocks stk-block-content stk-button-group\">\n<div class=\"wp-block-stackable-button stk-block-button stk-block stk-fd1d2ec\" data-block-id=\"fd1d2ec\"><style>.stk-fd1d2ec .stk-button{padding-top:8px !important;padding-right:30px !important;padding-bottom:8px !important;padding-left:30px !important;background:#313131 !important;border-top-left-radius:3px !important;border-top-right-radius:3px !important;border-bottom-right-radius:3px !important;border-bottom-left-radius:3px !important}.stk-fd1d2ec .stk-button .stk--inner-svg svg:last-child,.stk-fd1d2ec .stk-button .stk--inner-svg svg:last-child :is(g,path,rect,polygon,ellipse){fill:#313131 !important}.stk-fd1d2ec .stk-button__inner-text{font-size:18px !important;font-family:\"Lato\",Sans-serif !important}@media screen and (max-width:1023px){.stk-fd1d2ec .stk-button__inner-text{font-size:18px !important}}<\/style><a class=\"stk-link stk-button stk--hover-effect-darken\" href=\"https:\/\/activecarbon.es\/tr\/contacte-con-nosotros\/\" target=\"_blank\" rel=\"noreferrer noopener\"><span class=\"stk-button__inner-text\">Solicitar un presupuesto<\/span><\/a><\/div>\n<\/div><\/div>\n<\/div><\/div><\/div>\n<\/div><\/div><\/div>\n\n\n\n<div class=\"wp-block-stackable-feature stk-block-feature stk-block stk-c696cb2 is-style-default\" data-v=\"2\" data-block-id=\"c696cb2\"><style>.stk-c696cb2-container{box-shadow:0px 2px 20px #99999933 !important;padding-top:16px !important;padding-right:10px !important;padding-bottom:16px !important;padding-left:10px !important}.stk-c696cb2-column{--stk-columns-spacing:20px !important}<\/style><div class=\"stk-content-align stk-c696cb2-column stk-container stk-c696cb2-container stk-hover-parent\"><div class=\"stk-inner-blocks stk-block-content stk-row\">\n<div class=\"wp-block-stackable-column stk-block-column stk-column stk-block stk-98873f0\" data-v=\"4\" data-block-id=\"98873f0\"><style>.stk-98873f0{align-self:center !important}@media screen and (min-width:768px){.stk-98873f0{flex:var(--stk-flex-grow,1) 1 calc(45% - var(--stk-column-gap,0px) * 1 \/ 2 ) !important}}<\/style><div class=\"stk-column-wrapper stk-block-column__content stk-container stk-98873f0-container stk--no-background stk--no-padding\"><div class=\"stk-block-content stk-inner-blocks stk-98873f0-inner-blocks\">\n<div class=\"wp-block-stackable-image stk-block-image stk-block stk-6fe687a\" data-block-id=\"6fe687a\"><style>.stk-6fe687a{min-height:34px !important}<\/style><figure><span class=\"stk-img-wrapper stk-image--shape-stretch\"><img loading=\"lazy\" decoding=\"async\" class=\"stk-img wp-image-1698\" src=\"https:\/\/activecarbon.es\/wp-content\/uploads\/2024\/09\/carbon-activado-de-polvo-de-madera-3.jpg\" width=\"450\" height=\"300\" alt=\"aktif karbon peletleri \" srcset=\"https:\/\/activecarbon.es\/wp-content\/uploads\/2024\/09\/carbon-activado-de-polvo-de-madera-3.jpg 450w, https:\/\/activecarbon.es\/wp-content\/uploads\/2024\/09\/carbon-activado-de-polvo-de-madera-3-300x200.jpg 300w\" sizes=\"auto, (max-width: 450px) 100vw, 450px\" \/><\/span><\/figure><\/div>\n<\/div><\/div><\/div>\n\n\n\n<div class=\"wp-block-stackable-column stk-block-column stk-column stk-block stk-458c92d\" data-v=\"4\" data-block-id=\"458c92d\"><style>.stk-458c92d{align-self:center !important}.stk-458c92d-inner-blocks{justify-content:center !important}.stk-458c92d-container{display:flex !important}@media screen and (min-width:768px){.stk-458c92d{flex:var(--stk-flex-grow,1) 1 calc(55% - var(--stk-column-gap,0px) * 1 \/ 2 ) !important}}<\/style><div class=\"stk-column-wrapper stk-block-column__content stk-container stk-458c92d-container stk--no-background stk--no-padding\"><div class=\"stk-block-content stk-inner-blocks stk-458c92d-inner-blocks\">\n<div class=\"wp-block-stackable-heading stk-block-heading stk-block-heading--v2 stk-block stk-c5873bc\" id=\"a-href-https-activecarbon-es-proveedores-de-carbon-activo-a-base-de-madera-target-blank-rel-noreferrer-noopener-span-style-color-07-a-3-e-3-class-stk-highlight-carbon-activado-en-polvo-de-madera-span-a\" data-block-id=\"c5873bc\"><style>.stk-c5873bc{margin-bottom:15px !important}.stk-c5873bc .stk-block-heading__text{font-weight:bold !important;font-family:\"Lato\",Sans-serif !important}<\/style><h3 class=\"stk-block-heading__text\"><a href=\"https:\/\/activecarbon.es\/tr\/proveedores-de-carbon-activo-a-base-de-madera\/\" target=\"_blank\" rel=\"noreferrer noopener\"><span style=\"color: #07a3e3;\" class=\"stk-highlight\">Odun Tozu Aktif K\u00f6m\u00fcr<\/span><\/a><\/h3><\/div>\n\n\n\n<div class=\"wp-block-stackable-text stk-block-text stk-block stk-a063627\" data-block-id=\"a063627\"><style>.stk-a063627{margin-bottom:20px !important}.stk-a063627 .stk-block-text__text{font-size:16px !important;background-image:linear-gradient(currentColor 0%,currentColor 100%) !important}@media screen and (max-width:1023px){.stk-a063627 .stk-block-text__text{font-size:16px !important}}<\/style><p class=\"stk-block-text__text stk--is-gradient\">H\u0131zl\u0131 filtrasyon h\u0131z\u0131, iyi adsorpsiyon performans\u0131, g\u00fc\u00e7l\u00fc renk giderme ve koku giderme kapasitesi \u00f6zellikleri ile a\u015fa\u011f\u0131daki alanlarda kullan\u0131l\u0131r <strong>yiyecek ve i\u00e7eceklerin renginin bozulmas\u0131<\/strong>ila\u00e7lar\u0131n safla\u015ft\u0131r\u0131lmas\u0131, kimyasal hammaddelerin safla\u015ft\u0131r\u0131lmas\u0131 vb.<\/p><\/div>\n\n\n\n<div class=\"wp-block-stackable-button-group stk-block-button-group stk-block stk-d18b8b9\" data-block-id=\"d18b8b9\"><div class=\"stk-row stk-inner-blocks stk-block-content stk-button-group\">\n<div class=\"wp-block-stackable-button stk-block-button stk-block stk-5058e93\" data-block-id=\"5058e93\"><style>.stk-5058e93 .stk-button{padding-top:8px !important;padding-right:30px !important;padding-bottom:8px !important;padding-left:30px !important;background:#313131 !important;border-top-left-radius:3px !important;border-top-right-radius:3px !important;border-bottom-right-radius:3px !important;border-bottom-left-radius:3px !important}.stk-5058e93 .stk-button .stk--inner-svg svg:last-child,.stk-5058e93 .stk-button .stk--inner-svg svg:last-child :is(g,path,rect,polygon,ellipse){fill:#313131 !important}.stk-5058e93 .stk-button__inner-text{font-size:18px !important;font-family:\"Lato\",Sans-serif !important}@media screen and (max-width:1023px){.stk-5058e93 .stk-button__inner-text{font-size:18px !important}}<\/style><a class=\"stk-link stk-button stk--hover-effect-darken\" href=\"https:\/\/activecarbon.es\/tr\/contacte-con-nosotros\/\" target=\"_blank\" rel=\"noreferrer noopener\"><span class=\"stk-button__inner-text\">Solicitar un presupuesto<\/span><\/a><\/div>\n<\/div><\/div>\n<\/div><\/div><\/div>\n<\/div><\/div><\/div>\n\n\n\n<div class=\"wp-block-stackable-feature stk-block-feature stk-block stk-c6be433 is-style-default\" data-v=\"2\" data-block-id=\"c6be433\"><style>.stk-c6be433-container{box-shadow:0px 2px 20px #99999933 !important;padding-top:16px !important;padding-right:10px !important;padding-bottom:16px !important;padding-left:10px !important}.stk-c6be433-column{--stk-columns-spacing:20px !important}<\/style><div class=\"stk-content-align stk-c6be433-column stk-container stk-c6be433-container stk-hover-parent\"><div class=\"stk-inner-blocks stk-block-content stk-row\">\n<div class=\"wp-block-stackable-column stk-block-column stk-column stk-block stk-25193d0\" data-v=\"4\" data-block-id=\"25193d0\"><style>.stk-25193d0{align-self:center !important}@media screen and (min-width:768px){.stk-25193d0{flex:var(--stk-flex-grow,1) 1 calc(45% - var(--stk-column-gap,0px) * 1 \/ 2 ) !important}}<\/style><div class=\"stk-column-wrapper stk-block-column__content stk-container stk-25193d0-container stk--no-background stk--no-padding\"><div class=\"stk-block-content stk-inner-blocks stk-25193d0-inner-blocks\">\n<div class=\"wp-block-stackable-image stk-block-image stk-block stk-5c0e2e1\" data-block-id=\"5c0e2e1\"><style>.stk-5c0e2e1{min-height:34px !important}<\/style><figure><span class=\"stk-img-wrapper stk-image--shape-stretch\"><img loading=\"lazy\" decoding=\"async\" class=\"stk-img wp-image-1701\" src=\"https:\/\/activecarbon.es\/wp-content\/uploads\/2024\/09\/Carbon-Activado-para-Tratamiento-de-Agua-1.jpg\" width=\"450\" height=\"300\" alt=\"aktif karbon peletleri \" srcset=\"https:\/\/activecarbon.es\/wp-content\/uploads\/2024\/09\/Carbon-Activado-para-Tratamiento-de-Agua-1.jpg 450w, https:\/\/activecarbon.es\/wp-content\/uploads\/2024\/09\/Carbon-Activado-para-Tratamiento-de-Agua-1-300x200.jpg 300w\" sizes=\"auto, (max-width: 450px) 100vw, 450px\" \/><\/span><\/figure><\/div>\n<\/div><\/div><\/div>\n\n\n\n<div class=\"wp-block-stackable-column stk-block-column stk-column stk-block stk-39c2d60\" data-v=\"4\" data-block-id=\"39c2d60\"><style>.stk-39c2d60{align-self:center !important}.stk-39c2d60-inner-blocks{justify-content:center !important}.stk-39c2d60-container{display:flex !important}@media screen and (min-width:768px){.stk-39c2d60{flex:var(--stk-flex-grow,1) 1 calc(55% - var(--stk-column-gap,0px) * 1 \/ 2 ) !important}}<\/style><div class=\"stk-column-wrapper stk-block-column__content stk-container stk-39c2d60-container stk--no-background stk--no-padding\"><div class=\"stk-block-content stk-inner-blocks stk-39c2d60-inner-blocks\">\n<div class=\"wp-block-stackable-heading stk-block-heading stk-block-heading--v2 stk-block stk-3364a13\" id=\"span-style-color-07-a-3-e-3-class-stk-highlight-carbon-activado-para-tratamiento-de-agua-span\" data-block-id=\"3364a13\"><style>.stk-3364a13{margin-bottom:15px !important}.stk-3364a13 .stk-block-heading__text{font-weight:bold !important;font-family:\"Lato\",Sans-serif !important}<\/style><h3 class=\"stk-block-heading__text\"><span style=\"color: #07a3e3;\" class=\"stk-highlight\">Su Ar\u0131t\u0131m\u0131 i\u00e7in Aktif Karbon<\/span><\/h3><\/div>\n\n\n\n<div class=\"wp-block-stackable-text stk-block-text stk-block stk-e2396da\" data-block-id=\"e2396da\"><style>.stk-e2396da{margin-bottom:20px !important}.stk-e2396da .stk-block-text__text{font-size:16px !important;background-image:linear-gradient(currentColor 0%,currentColor 100%) !important}@media screen and (max-width:1023px){.stk-e2396da .stk-block-text__text{font-size:16px !important}}<\/style><p class=\"stk-block-text__text stk--is-gradient\">Su ar\u0131t\u0131m\u0131 i\u00e7in aktif karbon, iyi geli\u015fmi\u015f bir g\u00f6zenek yap\u0131s\u0131na ve geni\u015f bir spesifik y\u00fczey alan\u0131na sahip, organik kirleticiler, klor, kokular, renkler ve a\u011f\u0131r metaller gibi zararl\u0131 maddeleri sudan uzakla\u015ft\u0131rabilen, su ar\u0131t\u0131m\u0131 i\u00e7in kullan\u0131lan etkili bir adsorpsiyon malzemesidir.<\/p><\/div>\n\n\n\n<div class=\"wp-block-stackable-button-group stk-block-button-group stk-block stk-f12be3c\" data-block-id=\"f12be3c\"><div class=\"stk-row stk-inner-blocks stk-block-content stk-button-group\">\n<div class=\"wp-block-stackable-button stk-block-button stk-block stk-5517a89\" data-block-id=\"5517a89\"><style>.stk-5517a89 .stk-button{padding-top:8px !important;padding-right:30px !important;padding-bottom:8px !important;padding-left:30px !important;background:#313131 !important;border-top-left-radius:3px !important;border-top-right-radius:3px !important;border-bottom-right-radius:3px !important;border-bottom-left-radius:3px !important}.stk-5517a89 .stk-button .stk--inner-svg svg:last-child,.stk-5517a89 .stk-button .stk--inner-svg svg:last-child :is(g,path,rect,polygon,ellipse){fill:#313131 !important}.stk-5517a89 .stk-button__inner-text{font-size:18px !important;font-family:\"Lato\",Sans-serif !important}@media screen and (max-width:1023px){.stk-5517a89 .stk-button__inner-text{font-size:18px !important}}<\/style><a class=\"stk-link stk-button stk--hover-effect-darken\" href=\"https:\/\/activecarbon.es\/tr\/contacte-con-nosotros\/\" target=\"_blank\" rel=\"noreferrer noopener\"><span class=\"stk-button__inner-text\">Daha Fazla Bilgi<\/span><\/a><\/div>\n<\/div><\/div>\n<\/div><\/div><\/div>\n<\/div><\/div><\/div>\n\n\n\n<div class=\"wp-block-stackable-feature stk-block-feature stk-block stk-14aaabc is-style-default\" data-v=\"2\" data-block-id=\"14aaabc\"><style>.stk-14aaabc-container{box-shadow:0px 2px 20px #99999933 !important;padding-top:16px !important;padding-right:10px !important;padding-bottom:16px !important;padding-left:10px !important}.stk-14aaabc-column{--stk-columns-spacing:20px !important}<\/style><div class=\"stk-content-align stk-14aaabc-column stk-container stk-14aaabc-container stk-hover-parent\"><div class=\"stk-inner-blocks stk-block-content stk-row\">\n<div class=\"wp-block-stackable-column stk-block-column stk-column stk-block stk-7ecfad0\" data-v=\"4\" data-block-id=\"7ecfad0\"><style>.stk-7ecfad0{align-self:center !important}@media screen and (min-width:768px){.stk-7ecfad0{flex:var(--stk-flex-grow,1) 1 calc(45% - var(--stk-column-gap,0px) * 1 \/ 2 ) !important}}<\/style><div class=\"stk-column-wrapper stk-block-column__content stk-container stk-7ecfad0-container stk--no-background stk--no-padding\"><div class=\"stk-block-content stk-inner-blocks stk-7ecfad0-inner-blocks\">\n<div class=\"wp-block-stackable-image stk-block-image stk-block stk-274dac2\" data-block-id=\"274dac2\"><style>.stk-274dac2{min-height:34px !important}<\/style><figure><span class=\"stk-img-wrapper stk-image--shape-stretch\"><img loading=\"lazy\" decoding=\"async\" class=\"stk-img wp-image-1679\" src=\"https:\/\/activecarbon.es\/wp-content\/uploads\/2024\/09\/Carbon-Activado-Impregnado.jpg\" width=\"450\" height=\"300\" alt=\"aktif karbon peletleri \" srcset=\"https:\/\/activecarbon.es\/wp-content\/uploads\/2024\/09\/Carbon-Activado-Impregnado.jpg 450w, https:\/\/activecarbon.es\/wp-content\/uploads\/2024\/09\/Carbon-Activado-Impregnado-300x200.jpg 300w\" sizes=\"auto, (max-width: 450px) 100vw, 450px\" \/><\/span><\/figure><\/div>\n<\/div><\/div><\/div>\n\n\n\n<div class=\"wp-block-stackable-column stk-block-column stk-column stk-block stk-cfd676e\" data-v=\"4\" data-block-id=\"cfd676e\"><style>.stk-cfd676e{align-self:center !important}.stk-cfd676e-inner-blocks{justify-content:center !important}.stk-cfd676e-container{display:flex !important}@media screen and (min-width:768px){.stk-cfd676e{flex:var(--stk-flex-grow,1) 1 calc(55% - var(--stk-column-gap,0px) * 1 \/ 2 ) !important}}<\/style><div class=\"stk-column-wrapper stk-block-column__content stk-container stk-cfd676e-container stk--no-background stk--no-padding\"><div class=\"stk-block-content stk-inner-blocks stk-cfd676e-inner-blocks\">\n<div class=\"wp-block-stackable-heading stk-block-heading stk-block-heading--v2 stk-block stk-8d4bbf6\" id=\"a-href-https-activecarbon-es-producto-carbon-activo-impregnado-target-blank-rel-noreferrer-noopener-span-style-color-07-a-3-e-3-class-stk-highlight-carbon-activado-impregnado-span-a\" data-block-id=\"8d4bbf6\"><style>.stk-8d4bbf6{margin-bottom:15px !important}.stk-8d4bbf6 .stk-block-heading__text{font-weight:bold !important;font-family:\"Lato\",Sans-serif !important}<\/style><h3 class=\"stk-block-heading__text\"><a href=\"https:\/\/activecarbon.es\/tr\/producto\/carbon-activo-impregnado\/\" target=\"_blank\" rel=\"noreferrer noopener\"><span style=\"color: #07a3e3;\" class=\"stk-highlight\">Emprenyeli Aktif Karbon<\/span><\/a><\/h3><\/div>\n\n\n\n<div class=\"wp-block-stackable-text stk-block-text stk-block stk-096e1b2\" data-block-id=\"096e1b2\"><style>.stk-096e1b2{margin-bottom:20px !important}.stk-096e1b2 .stk-block-text__text{font-size:16px !important;background-image:linear-gradient(currentColor 0%,currentColor 100%) !important}@media screen and (max-width:1023px){.stk-096e1b2 .stk-block-text__text{font-size:16px !important}}<\/style><p class=\"stk-block-text__text stk--is-gradient\">\u00c7ok y\u00fcksek adsorpsiyon \u00f6zelliklerine sahip belirli kirleticilerin giderilmesi i\u00e7in tasarlanm\u0131\u015ft\u0131r ve a\u015fa\u011f\u0131dakiler i\u00e7in kullan\u0131labilir <strong>c\u0131va giderme<\/strong>ve <strong>biyogaz des\u00fclf\u00fcrizasyonu<\/strong> ve H2S ve NH\u2083 gibi asit gazlar\u0131n\u0131n giderilmesi. Bu <strong><a href=\"https:\/\/activecarbon.es\/tr\/blog\/carbon-activado-impregnado-con-plata\/\" target=\"_blank\" rel=\"noreferrer noopener\">g\u00fcm\u00fc\u015f emdirilmi\u015f aktif karbon<\/a><\/strong> antibakteriyel ve antiviral \u00f6zelliklere de sahiptir.<\/p><\/div>\n\n\n\n<div class=\"wp-block-stackable-button-group stk-block-button-group stk-block stk-0a41c7c\" data-block-id=\"0a41c7c\"><div class=\"stk-row stk-inner-blocks stk-block-content stk-button-group\">\n<div class=\"wp-block-stackable-button stk-block-button stk-block stk-f930b87\" data-block-id=\"f930b87\"><style>.stk-f930b87 .stk-button{padding-top:8px !important;padding-right:30px !important;padding-bottom:8px !important;padding-left:30px !important;background:#313131 !important;border-top-left-radius:3px !important;border-top-right-radius:3px !important;border-bottom-right-radius:3px !important;border-bottom-left-radius:3px !important}.stk-f930b87 .stk-button .stk--inner-svg svg:last-child,.stk-f930b87 .stk-button .stk--inner-svg svg:last-child :is(g,path,rect,polygon,ellipse){fill:#313131 !important}.stk-f930b87 .stk-button__inner-text{font-size:18px !important;font-family:\"Lato\",Sans-serif !important}@media screen and (max-width:1023px){.stk-f930b87 .stk-button__inner-text{font-size:18px !important}}<\/style><a class=\"stk-link stk-button stk--hover-effect-darken\" href=\"https:\/\/activecarbon.es\/tr\/contacte-con-nosotros\/\" target=\"_blank\" rel=\"noreferrer noopener\"><span class=\"stk-button__inner-text\">Solicitar un presupuesto<\/span><\/a><\/div>\n<\/div><\/div>\n<\/div><\/div><\/div>\n<\/div><\/div><\/div>\n\n\n\n<div class=\"wp-block-stackable-feature stk-block-feature stk-block stk-e0f5f1d is-style-default\" data-v=\"2\" data-block-id=\"e0f5f1d\"><style>.stk-e0f5f1d-container{box-shadow:0px 2px 20px #99999933 !important;padding-top:16px !important;padding-right:10px !important;padding-bottom:16px !important;padding-left:10px !important}.stk-e0f5f1d-column{--stk-columns-spacing:20px !important}<\/style><div class=\"stk-content-align stk-e0f5f1d-column stk-container stk-e0f5f1d-container stk-hover-parent\"><div class=\"stk-inner-blocks stk-block-content stk-row\">\n<div class=\"wp-block-stackable-column stk-block-column stk-column stk-block stk-1b3f646\" data-v=\"4\" data-block-id=\"1b3f646\"><style>.stk-1b3f646{align-self:center !important}@media screen and (min-width:768px){.stk-1b3f646{flex:var(--stk-flex-grow,1) 1 calc(45% - var(--stk-column-gap,0px) * 1 \/ 2 ) !important}}<\/style><div class=\"stk-column-wrapper stk-block-column__content stk-container stk-1b3f646-container stk--no-background stk--no-padding\"><div class=\"stk-block-content stk-inner-blocks stk-1b3f646-inner-blocks\">\n<div class=\"wp-block-stackable-image stk-block-image stk-block stk-d4b4ed8\" data-block-id=\"d4b4ed8\"><style>.stk-d4b4ed8{min-height:34px !important}<\/style><figure><span class=\"stk-img-wrapper stk-image--shape-stretch\"><img loading=\"lazy\" decoding=\"async\" class=\"stk-img wp-image-1696\" src=\"https:\/\/activecarbon.es\/wp-content\/uploads\/2024\/09\/Carbon-Activado-para-Lavado-Acido-1.jpg\" width=\"450\" height=\"300\" alt=\"aktif karbon peletleri \" srcset=\"https:\/\/activecarbon.es\/wp-content\/uploads\/2024\/09\/Carbon-Activado-para-Lavado-Acido-1.jpg 450w, https:\/\/activecarbon.es\/wp-content\/uploads\/2024\/09\/Carbon-Activado-para-Lavado-Acido-1-300x200.jpg 300w\" sizes=\"auto, (max-width: 450px) 100vw, 450px\" \/><\/span><\/figure><\/div>\n<\/div><\/div><\/div>\n\n\n\n<div class=\"wp-block-stackable-column stk-block-column stk-column stk-block stk-de8e1eb\" data-v=\"4\" data-block-id=\"de8e1eb\"><style>.stk-de8e1eb{align-self:center !important}.stk-de8e1eb-inner-blocks{justify-content:center !important}.stk-de8e1eb-container{display:flex !important}@media screen and (min-width:768px){.stk-de8e1eb{flex:var(--stk-flex-grow,1) 1 calc(55% - var(--stk-column-gap,0px) * 1 \/ 2 ) !important}}<\/style><div class=\"stk-column-wrapper stk-block-column__content stk-container stk-de8e1eb-container stk--no-background stk--no-padding\"><div class=\"stk-block-content stk-inner-blocks stk-de8e1eb-inner-blocks\">\n<div class=\"wp-block-stackable-heading stk-block-heading stk-block-heading--v2 stk-block stk-210ca48\" id=\"a-href-https-activecarbon-es-proveedores-de-carbon-activado-para-el-lavado-acido-target-blank-data-type-link-data-id-https-activecarbon-es-proveedores-de-carbon-activado-para-el-lavado-acido-rel-noreferrer-noopener-span-style-color-07-a-3-e-3-class-stk-highlight-carbon-activado-para-lavado-acido-span-a\" data-block-id=\"210ca48\"><style>.stk-210ca48{margin-bottom:15px !important}.stk-210ca48 .stk-block-heading__text{font-weight:bold !important;font-family:\"Lato\",Sans-serif !important}<\/style><h3 class=\"stk-block-heading__text\"><a href=\"https:\/\/activecarbon.es\/tr\/proveedores-de-carbon-activado-para-el-lavado-acido\/\" target=\"_blank\" data-type=\"link\" data-id=\"https:\/\/activecarbon.es\/proveedores-de-carbon-activado-para-el-lavado-acido\/\" rel=\"noreferrer noopener\"><span style=\"color: #07a3e3;\" class=\"stk-highlight\">Asit Y\u0131kama i\u00e7in Aktif Karbon<\/span><\/a><\/h3><\/div>\n\n\n\n<div class=\"wp-block-stackable-text stk-block-text stk-block stk-24e00e3\" data-block-id=\"24e00e3\"><style>.stk-24e00e3{margin-bottom:20px !important}.stk-24e00e3 .stk-block-text__text{font-size:16px !important;background-image:linear-gradient(currentColor 0%,currentColor 100%) !important}@media screen and (max-width:1023px){.stk-24e00e3 .stk-block-text__text{font-size:16px !important}}<\/style><p class=\"stk-block-text__text stk--is-gradient\">Y\u00fcksek kaliteli antrasit ve hindistan cevizi kabu\u011fundan yap\u0131lm\u0131\u015f olup, s\u0131v\u0131 faz adsorpsiyonu i\u00e7in uygundur ve su ar\u0131tma, g\u0131da i\u015fleme, ila\u00e7 ve di\u011fer alanlarda yayg\u0131n olarak kullan\u0131lmaktad\u0131r.<\/p><\/div>\n\n\n\n<div class=\"wp-block-stackable-button-group stk-block-button-group stk-block stk-115e313\" data-block-id=\"115e313\"><div class=\"stk-row stk-inner-blocks stk-block-content stk-button-group\">\n<div class=\"wp-block-stackable-button stk-block-button stk-block stk-102207d\" data-block-id=\"102207d\"><style>.stk-102207d .stk-button{padding-top:8px !important;padding-right:30px !important;padding-bottom:8px !important;padding-left:30px !important;background:#313131 !important;border-top-left-radius:3px !important;border-top-right-radius:3px !important;border-bottom-right-radius:3px !important;border-bottom-left-radius:3px !important}.stk-102207d .stk-button .stk--inner-svg svg:last-child,.stk-102207d .stk-button .stk--inner-svg svg:last-child :is(g,path,rect,polygon,ellipse){fill:#313131 !important}.stk-102207d .stk-button__inner-text{font-size:18px !important;font-family:\"Lato\",Sans-serif !important}@media screen and (max-width:1023px){.stk-102207d .stk-button__inner-text{font-size:18px !important}}<\/style><a class=\"stk-link stk-button stk--hover-effect-darken\" href=\"https:\/\/activecarbon.es\/tr\/contacte-con-nosotros\/\" target=\"_blank\" rel=\"noreferrer noopener\"><span class=\"stk-button__inner-text\">Daha Fazla Bilgi<\/span><\/a><\/div>\n<\/div><\/div>\n<\/div><\/div><\/div>\n<\/div><\/div><\/div>\n\n\n\n<h2 class=\"wp-block-heading\">Aktif K\u00f6m\u00fcr Tedarik\u00e7iniz Olarak Bizi Se\u00e7menin Avantajlar\u0131<\/h2>\n\n\n\n<p><\/p>\n\n\n\n<p><\/p>\n\n\n\n<figure class=\"wp-block-image size-full\"><img loading=\"lazy\" decoding=\"async\" width=\"900\" height=\"450\" src=\"https:\/\/activecarbon.es\/wp-content\/uploads\/2024\/07\/Aparato-de-ensayo-de-carbon-activado.jpg\" alt=\"Aktif karbon test aparat\u0131\" class=\"wp-image-1871\" srcset=\"https:\/\/activecarbon.es\/wp-content\/uploads\/2024\/07\/Aparato-de-ensayo-de-carbon-activado.jpg 900w, https:\/\/activecarbon.es\/wp-content\/uploads\/2024\/07\/Aparato-de-ensayo-de-carbon-activado-300x150.jpg 300w, https:\/\/activecarbon.es\/wp-content\/uploads\/2024\/07\/Aparato-de-ensayo-de-carbon-activado-768x384.jpg 768w\" sizes=\"auto, (max-width: 900px) 100vw, 900px\" \/><\/figure>\n\n\n\n<p><\/p>\n\n\n\n<p><\/p>\n\n\n\n<p>Meksika'da aktif karbon alan\u0131nda lider bir tedarik\u00e7i olan PuroCarbon S.L., m\u00fc\u015fterilerimizin \u00f6zel ihtiya\u00e7lar\u0131n\u0131 kar\u015f\u0131lamak i\u00e7in en y\u00fcksek kalitede \u00fcr\u00fcnler ve \u00f6zelle\u015ftirilmi\u015f \u00e7\u00f6z\u00fcmler sunmay\u0131 taahh\u00fct etmektedir. A\u015fa\u011f\u0131daki avantajlara sahibiz\uff1a<\/p>\n\n\n\n<ul class=\"wp-block-list\">\n<li><strong>Y\u00fcksek kaliteli \u00fcr\u00fcnler<\/strong>\u00dcr\u00fcnlerimizin y\u00fcksek performansl\u0131 ve uzun \u00f6m\u00fcrl\u00fc olmas\u0131n\u0131 sa\u011flamak i\u00e7in y\u00fcksek kaliteli hammaddeler kullanmakta \u0131srar ediyoruz.<\/li>\n\n\n\n<li><strong>Titiz kalite kontrol<\/strong>\u00dcr\u00fcnlerimizin tutarl\u0131l\u0131\u011f\u0131n\u0131 ve y\u00fcksek standartlar\u0131n\u0131 sa\u011flamak i\u00e7in kapsaml\u0131 kalite y\u00f6netim sistemleri uyguluyoruz.<\/li>\n\n\n\n<li><strong>Rekabet\u00e7i fiyatlar<\/strong>Rekabet\u00e7i fiyatl\u0131 \u00e7\u00f6z\u00fcmler sunmak i\u00e7in \u00fcretim ve i\u015fletme maliyetlerimizi optimize ediyoruz.<\/li>\n\n\n\n<li><strong>\u0130stikrarl\u0131 tedarik zinciri<\/strong>G\u00fc\u00e7l\u00fc \u00fcretim kapasitemiz ve lojistik a\u011f\u0131m\u0131z, m\u00fc\u015fteri taleplerini kar\u015f\u0131layan zaman\u0131nda teslimatlar sa\u011flar.<\/li>\n<\/ul>\n\n\n\n<p>Meksika'daki aktif karbon tedarik\u00e7iniz olarak PuroCarbon S.L.'yi se\u00e7mek, y\u00fcksek kaliteli \u00fcr\u00fcnlere, uzman teknik deste\u011fe ve m\u00fc\u015fteri memnuniyetine sars\u0131lmaz bir ba\u011fl\u0131l\u0131\u011fa sahip g\u00fcvenilir bir ortak se\u00e7mek anlam\u0131na gelir. <\/p>\n\n\n\n<p>\u0130ster su ar\u0131tma, ister hava temizleme veya di\u011fer \u00f6zel uygulamalar i\u00e7in aktif karbona ihtiyac\u0131n\u0131z olsun, size en iyi \u00e7\u00f6z\u00fcm\u00fc sunmak i\u00e7in buraday\u0131z. \u00dcr\u00fcnlerimiz hakk\u0131nda daha fazla bilgi almak veya fiyat teklifi istemek i\u00e7in l\u00fctfen bizimle ileti\u015fime ge\u00e7mekten \u00e7ekinmeyin&nbsp;<a href=\"mailto:info@activecarbon.es\" target=\"_blank\" rel=\"noreferrer noopener\"><strong>info@activecarbon.es<\/strong><\/a>.&nbsp;<\/p>\n\n\n\n<p><\/p>\n\n\n\n<p><\/p>\n\n\n\n<div class=\"wp-block-stackable-columns stk-block-columns stk-block stk-7a583b3 stk-block-background\" data-block-id=\"7a583b3\"><style>.stk-7a583b3{background-color:#8ed1fc !important;padding-top:40px !important;padding-bottom:40px !important}.stk-7a583b3:before{background-color:#8ed1fc !important}.stk-7a583b3-column{--stk-columns-spacing:0px !important;--stk-column-gap:66px !important}<\/style><div class=\"stk-row stk-inner-blocks stk-block-content stk-content-align stk-7a583b3-column\">\n<div class=\"wp-block-stackable-column stk-block-column stk-column stk-block stk-f518818\" data-v=\"4\" data-block-id=\"f518818\"><div class=\"stk-column-wrapper stk-block-column__content stk-container stk-f518818-container stk--no-background stk--no-padding\"><div class=\"stk-block-content stk-inner-blocks stk-f518818-inner-blocks\">\n<div class=\"wp-block-stackable-heading stk-block-heading stk-block-heading--v2 stk-block stk-ec53c5f\" id=\"contacta-con-nosotros\" data-block-id=\"ec53c5f\"><style>.stk-ec53c5f{margin-bottom:8px !important}<\/style><h2 class=\"stk-block-heading__text\">Bizimle ileti\u015fime ge\u00e7in<\/h2><\/div>\n\n\n\n<div class=\"wp-block-stackable-text stk-block-text stk-block stk-9a82d36\" data-block-id=\"9a82d36\"><style>.stk-9a82d36{margin-bottom:14px !important}<\/style><p class=\"stk-block-text__text\">Profesyonel ve ki\u015fiselle\u015ftirilmi\u015f bir \u00e7\u00f6z\u00fcm i\u00e7in bizimle ileti\u015fime ge\u00e7mek i\u00e7in butona t\u0131klay\u0131n. <\/p><\/div>\n\n\n\n<div class=\"wp-block-stackable-button-group stk-block-button-group stk-block stk-64f754b\" data-block-id=\"64f754b\"><div class=\"stk-row stk-inner-blocks stk-block-content stk-button-group\">\n<div class=\"wp-block-stackable-button stk-block-button stk-block stk-54f738f\" data-block-id=\"54f738f\"><style>.stk-54f738f .stk-button{background:#ffffff !important}.stk-54f738f .stk-button__inner-text{color:#000000 !important}<\/style><a class=\"stk-link stk-button stk--hover-effect-darken\" href=\"https:\/\/activecarbon.es\/tr\/contacte-con-nosotros\/\" target=\"_blank\" rel=\"noreferrer noopener\"><span class=\"has-text-color stk-button__inner-text\">G\u00f6nderme<\/span><\/a><\/div>\n<\/div><\/div>\n<\/div><\/div><\/div>\n<\/div><\/div>","protected":false},"excerpt":{"rendered":"<p>PuroCarbon S.L., como uno de los principales proveedores de carb\u00f3n activado en M\u00e9xico, contamos con m\u00e1s de 18 a\u00f1os de experiencia en el mercado del carb\u00f3n activado. Nuestra empresa se especializa en el desarrollo, producci\u00f3n, comercializaci\u00f3n y servicio de carb\u00f3n activado, ofreciendo una amplia gama de productos de alta calidad para diversas aplicaciones industriales. Como [&hellip;]<\/p>\n","protected":false},"author":1,"featured_media":1868,"comment_status":"open","ping_status":"closed","template":"","blog_category":[11],"blog_tag":[],"class_list":["post-1737","blog","type-blog","status-publish","has-post-thumbnail","hentry","blog_category-suppliers"],"acf":[],"_links":{"self":[{"href":"https:\/\/activecarbon.es\/tr\/wp-json\/wp\/v2\/blog\/1737","targetHints":{"allow":["GET"]}}],"collection":[{"href":"https:\/\/activecarbon.es\/tr\/wp-json\/wp\/v2\/blog"}],"about":[{"href":"https:\/\/activecarbon.es\/tr\/wp-json\/wp\/v2\/types\/blog"}],"author":[{"embeddable":true,"href":"https:\/\/activecarbon.es\/tr\/wp-json\/wp\/v2\/users\/1"}],"replies":[{"embeddable":true,"href":"https:\/\/activecarbon.es\/tr\/wp-json\/wp\/v2\/comments?post=1737"}],"wp:featuredmedia":[{"embeddable":true,"href":"https:\/\/activecarbon.es\/tr\/wp-json\/wp\/v2\/media\/1868"}],"wp:attachment":[{"href":"https:\/\/activecarbon.es\/tr\/wp-json\/wp\/v2\/media?parent=1737"}],"wp:term":[{"taxonomy":"blog_category","embeddable":true,"href":"https:\/\/activecarbon.es\/tr\/wp-json\/wp\/v2\/blog_category?post=1737"},{"taxonomy":"blog_tag","embeddable":true,"href":"https:\/\/activecarbon.es\/tr\/wp-json\/wp\/v2\/blog_tag?post=1737"}],"curies":[{"name":"wp","href":"https:\/\/api.w.org\/{rel}","templated":true}]}}